[{"@context":"https:\/\/schema.org\/","@type":"Article","@id":"https:\/\/www.votana.cz\/zrcadlovky-dnes-prebiraji-funkci-kamery\/#Article","mainEntityOfPage":"https:\/\/www.votana.cz\/zrcadlovky-dnes-prebiraji-funkci-kamery\/","headline":"Zrcadlovky dnes p\u0159eb\u00edraj\u00ed funkci kamery","name":"Zrcadlovky dnes p\u0159eb\u00edraj\u00ed funkci kamery","description":"Fotografov\u00e9 a kameramani m\u011bli dost dlouho sv\u00e9 specifick\u00e9 pracovn\u00ed n\u00e1stroje, kter\u00e9 se krom\u011b funkce li\u0161ily i p\u0159izp\u016fsoben\u00edm se dan\u00e9 \u010dinnosti. Dnes ale u\u017e i profesion\u00e1ln\u00ed kameraman\u00e9 v\u00a0ur\u010dit\u00fdch situac\u00edch s\u00e1hnou rad\u011bji po zrcadlovce. Profesion\u00e1ln\u00ed kamery jsou velk\u00e9 a t\u011b\u017ek\u00e9. Na nat\u00e1\u010den\u00ed se proto mus\u00ed pou\u017e\u00edvat stativ nebo ramenn\u00ed op\u011brka. P\u0159i to\u010den\u00ed z\u00a0ruky m\u016f\u017ee nastat t\u0159es, z\u00e1rove\u0148 [&hellip;]","datePublished":"2019-12-15","dateModified":"2023-05-04","author":{"@type":"Person","@id":"https:\/\/www.votana.cz\/author\/#Person","name":"","url":"https:\/\/www.votana.cz\/author\/","identifier":1,"image":{"@type":"ImageObject","@id":"https:\/\/secure.gravatar.com\/avatar\/087c2e57f451bc02fa8017914855d7c40cf6c7d5dc1637b868e007adc26322d1?s=96&d=mm&r=g","url":"https:\/\/secure.gravatar.com\/avatar\/087c2e57f451bc02fa8017914855d7c40cf6c7d5dc1637b868e007adc26322d1?s=96&d=mm&r=g","height":96,"width":96}},"publisher":{"@type":"Organization","name":"votana.cz","logo":{"@type":"ImageObject","@id":"\/logo.png","url":"\/logo.png","width":600,"height":60}},"image":{"@type":"ImageObject","@id":"https:\/\/www.votana.cz\/wp-content\/uploads\/img_a365694_w3343_t1578393625.jpg","url":"https:\/\/www.votana.cz\/wp-content\/uploads\/img_a365694_w3343_t1578393625.jpg","height":0,"width":0},"url":"https:\/\/www.votana.cz\/zrcadlovky-dnes-prebiraji-funkci-kamery\/","about":["Technika"],"wordCount":453,"articleBody":"Fotografov\u00e9 a kameramani m\u011bli dost dlouho sv\u00e9 specifick\u00e9 pracovn\u00ed n\u00e1stroje, kter\u00e9 se krom\u011b funkce li\u0161ily i p\u0159izp\u016fsoben\u00edm se dan\u00e9 \u010dinnosti. Dnes ale u\u017e i profesion\u00e1ln\u00ed kameraman\u00e9 v\u00a0ur\u010dit\u00fdch situac\u00edch s\u00e1hnou rad\u011bji po zrcadlovce.\tProfesion\u00e1ln\u00ed kamery jsou velk\u00e9 a t\u011b\u017ek\u00e9. Na nat\u00e1\u010den\u00ed se proto mus\u00ed pou\u017e\u00edvat stativ nebo ramenn\u00ed op\u011brka. P\u0159i to\u010den\u00ed z\u00a0ruky m\u016f\u017ee nastat t\u0159es, z\u00e1rove\u0148 ale t\u00edha pom\u016f\u017ee k\u00a0lep\u0161\u00edmu ukotven\u00ed, hlavn\u011b kdy\u017e se kamera op\u0159e o rameno. Chce to v\u0161ak pevn\u00e9 nervy a neust\u00e1le v\u0161e kontrolovat v\u00a0n\u00e1hledu. Kamera m\u00e1 tak\u00e9 lep\u0161\u00ed zvuk a mo\u017enost k\u00a0p\u0159ichycen\u00ed mikrofonu. Zvuk p\u0159\u00edmo z\u00a0kamery je \u010dist\u011bj\u0161\u00ed a mikrofon m\u00e9n\u011b p\u0159ek\u00e1\u017e\u00ed, proto\u017ee se s\u00a0n\u00edm po\u010d\u00edt\u00e1.\tOproti tomu zrcadlovka je skladn\u011bj\u0161\u00ed. L\u00e9pe se p\u0159en\u00e1\u0161\u00ed, l\u00e9pe se s\u00a0n\u00ed manipuluje a l\u00e9pe se dostane do pro kameru nedostupn\u00fdch m\u00edst. M\u00e1 tak\u00e9 pro lajka snadn\u011bj\u0161\u00ed nastaven\u00ed, i kdy\u017e i to d\u00e1 p\u0159i manu\u00e1ln\u00edm re\u017eimu zabrat. Nespornou v\u00fdhodou jsou tak\u00e9 barvy, kter\u00e9 m\u00e1 fo\u0165\u00e1k v\u00edce syt\u00e9 a obrazu tak d\u00e1vaj\u00ed v\u011bt\u0161\u00ed \u017eivost.\t\tKv\u016fli t\u011bmto odli\u0161nostem a st\u0159et\u016fm mezi kamerou a zrcadlovkou, se za\u010dala hledat st\u0159edn\u00ed cesta. Zm\u00edn\u011bn\u00e9 v\u00fdhody ka\u017ed\u00e9ho by se toti\u017e daly spojit a zlep\u0161it tak obraz i \u017eivot profesion\u00e1l\u016fm za nimi. Prol\u00edn\u00e1n\u00ed ale nen\u00ed snadn\u00e9, proto\u017ee jeden p\u0159\u00edstroj nem\u016f\u017ee m\u00edt najednou v\u0161e.\tI tak u\u017e jsou ale fotoapar\u00e1ty, kter\u00e9 simuluj\u00ed tento p\u0159echod. Velikostn\u011b jsou jako b\u011b\u017en\u00e9 zrcadlovky, ale v\u00e1\u017e\u00ed v\u00edce. To umo\u017en\u00ed dostat se na omezen\u00e1 m\u00edsta a z\u00e1rove\u0148 t\u00edha poskytne oporu ruk\u00e1m. Mimo to samy um\u00ed dokonale stabilizovat obraz. Nejen \u017ee to\u010d\u00edc\u00ed vid\u00ed na displeji, jestli je obraz v\u00a0rovin\u011b, ale s\u00e1m fo\u0165\u00e1k stabilizuje t\u0159as, tak\u017ee nat\u00e1\u010den\u00ed bez stativu je poznat minim\u00e1ln\u011b. D\u00e1le \u010dasto podporuj\u00ed videa ve vysok\u00e9m rozli\u0161en\u00ed (4K) a extern\u00ed mikrofon, tak\u017ee st\u00edraj\u00ed nedostatky zrcadlovek pro nat\u00e1\u010den\u00ed. Vylep\u0161en\u00e9 b\u00fdv\u00e1 tak\u00e9 zaznamen\u00e1v\u00e1n\u00ed zvuku p\u0159\u00edmo do fo\u0165\u00e1ku, ale pro profesion\u00e1ln\u00ed pou\u017eit\u00ed je tu je\u0161t\u011b rezerva. Oproti kame\u0159e je tak\u00e9 zjednodu\u0161en\u00e9 nastaven\u00ed a vyv\u00e1\u017een\u011bj\u0161\u00ed barvy.\tKameramani, kte\u0159\u00ed si mohou dovolit \u0159e\u010den\u00e9 nedokonalosti zrcadlovky, si tak pro nat\u00e1\u010den\u00ed rad\u011bji vyberou ji. Zvl\u00e1\u0161t\u011b pro ilustra\u010dn\u00ed z\u00e1b\u011bry z\u00a0ruky nebo z\u00e1znam akce je perfektn\u00ed.                                                                                                                                                                                                                                                                                                                                                                                        3.7\/5 - (6 votes)        "},{"@context":"https:\/\/schema.org\/","@type":"BreadcrumbList","itemListElement":[{"@type":"ListItem","position":1,"name":"Zrcadlovky dnes p\u0159eb\u00edraj\u00ed funkci kamery","item":"https:\/\/www.votana.cz\/zrcadlovky-dnes-prebiraji-funkci-kamery\/#breadcrumbitem"}]}]