[{"@context":"https:\/\/schema.org\/","@type":"Article","@id":"https:\/\/www.votana.cz\/z-bodu-a-do-bodu-a\/#Article","mainEntityOfPage":"https:\/\/www.votana.cz\/z-bodu-a-do-bodu-a\/","headline":"Z bodu \u201eA\u201c do bodu \u201eA\u201c","name":"Z bodu \u201eA\u201c do bodu \u201eA\u201c","description":"Tak\u00e9 V\u00e1m p\u0159i vysloven\u00ed slovn\u00edho spojen\u00ed \u201ejarn\u00ed \u00faklid\u201c naskakuje hus\u00ed k\u016f\u017ee? A nejhor\u0161\u00ed na tom je, \u017ee se vlastn\u011b takov\u00fd jarn\u00ed \u00faklid d\u011bl\u00e1 n\u011bkolikr\u00e1t za rok. Nen\u00ed \u00faklid p\u0159ed V\u00e1noci takovou jarn\u00ed mutac\u00ed? A\u0165 na ja\u0159e nebo v zim\u011b, v\u011bt\u0161inou to nikoho nebav\u00ed. Tak u\u017e nebudeme ot\u00e1let a pust\u00edme se do toho. &#8211;\u00a0\u00a0\u00a0\u00a0\u00a0\u00a0\u00a0\u00a0 Rozhl\u00e9dneme se [&hellip;]","datePublished":"2017-05-15","dateModified":"2023-05-04","author":{"@type":"Person","@id":"https:\/\/www.votana.cz\/author\/#Person","name":"","url":"https:\/\/www.votana.cz\/author\/","identifier":1,"image":{"@type":"ImageObject","@id":"https:\/\/secure.gravatar.com\/avatar\/087c2e57f451bc02fa8017914855d7c40cf6c7d5dc1637b868e007adc26322d1?s=96&d=mm&r=g","url":"https:\/\/secure.gravatar.com\/avatar\/087c2e57f451bc02fa8017914855d7c40cf6c7d5dc1637b868e007adc26322d1?s=96&d=mm&r=g","height":96,"width":96}},"publisher":{"@type":"Organization","name":"votana.cz","logo":{"@type":"ImageObject","@id":"\/logo.png","url":"\/logo.png","width":600,"height":60}},"image":{"@type":"ImageObject","@id":"https:\/\/www.votana.cz\/wp-content\/uploads\/img_a288884_w1916_t1500152845.png","url":"https:\/\/www.votana.cz\/wp-content\/uploads\/img_a288884_w1916_t1500152845.png","height":0,"width":0},"url":"https:\/\/www.votana.cz\/z-bodu-a-do-bodu-a\/","wordCount":418,"articleBody":"Tak\u00e9 V\u00e1m p\u0159i vysloven\u00ed slovn\u00edho spojen\u00ed \u201ejarn\u00ed \u00faklid\u201c naskakuje hus\u00ed k\u016f\u017ee? A nejhor\u0161\u00ed na tom je, \u017ee se vlastn\u011b takov\u00fd jarn\u00ed \u00faklid d\u011bl\u00e1 n\u011bkolikr\u00e1t za rok. Nen\u00ed \u00faklid p\u0159ed V\u00e1noci takovou jarn\u00ed mutac\u00ed? A\u0165 na ja\u0159e nebo v zim\u011b, v\u011bt\u0161inou to nikoho nebav\u00ed. Tak u\u017e nebudeme ot\u00e1let a pust\u00edme se do toho.&#8211;\u00a0\u00a0\u00a0\u00a0\u00a0\u00a0\u00a0\u00a0 Rozhl\u00e9dneme se po byt\u011b a vzpomeneme si na jednu radu, kterou dala Popelka panu Men\u0161\u00edkovi na cestu.&#8211;\u00a0\u00a0\u00a0\u00a0\u00a0\u00a0\u00a0\u00a0 M\u011bl j\u00ed p\u0159iv\u00e9zt to, co mu cestou cvrnkne do nosu.&#8211;\u00a0\u00a0\u00a0\u00a0\u00a0\u00a0\u00a0\u00a0 A my za\u010dneme ukl\u00edzet to, co n\u00e1m jako prvn\u00ed cvrnkne do o\u010d\u00ed.Asi to bude oble\u010den\u00ed, n\u00e1dob\u00ed, odlo\u017een\u00e9 \u010dasopisy a noviny.\u00b7\u00a0\u00a0\u00a0\u00a0\u00a0\u00a0\u00a0 A\u017e budeme m\u00edt tento povrchov\u00fd \u00faklid, pust\u00edme se do hloubkov\u00e9ho.Nejlep\u0161\u00ed cestou ke zd\u00e1rn\u00e9mu v\u00fdsledku bude, kdy\u017e si vyt\u00fd\u010d\u00edme bod \u201eA\u201c. Ten je na na\u0161em putov\u00e1n\u00ed za \u00fatuln\u00fdm bytem velice d\u016fle\u017eit\u00fd. Na\u0161e cesta toti\u017e povede pr\u00e1v\u011b z bodu \u201eA\u201c do bodu \u201eA\u201c. T\u00edm m\u00e1me jistotu, \u017ee nevynech\u00e1me ani m\u00edste\u010dko. D\u016eLE\u017dIT\u00c9 \u2013 p\u0159i p\u0159eb\u00edr\u00e1n\u00ed z\u00e1suvek se nepono\u0159ujme do vzpom\u00ednek nad fotografiemi a r\u016fzn\u00fdmi relikviemi. To bychom opravdu mohli spojit jarn\u00ed a zimn\u00ed gruntov\u00e1n\u00ed do jednoho procesu.\tNen\u00ed nutn\u00e9 d\u011blat v\u0161e samiKdy\u017e takto obejdeme cel\u00fd byt (d\u016fm), uva\u0159\u00edme si za odm\u011bnu k\u00e1vu a promysl\u00edme dal\u0161\u00ed strategii. Jak dlouho n\u00e1m trvalo, ne\u017e jsme dali v\u0161e do po\u0159\u00e1dku? Den? Nebo t\u00fdden? Nen\u00ed zbyte\u010dn\u00e9 promrhat takovou spoustu \u010dasu na sm\u00fd\u010den\u00ed a vyhazov\u00e1n\u00ed nepot\u0159ebn\u00fdch v\u011bc\u00ed?D\u016eLE\u017dIT\u00c9\u2013 je pot\u0159eba ukl\u00edzet b\u011bhem cel\u00e9ho roku. Nehromadit star\u00e9 \u00fa\u010dtenky, noviny, \u010dasopisy. V\u011bci, kter\u00e9 u\u017e ur\u010dit\u011b nebudeme pot\u0159ebovat, bu\u010f vyhod\u00edme nebo po\u0161leme d\u00e1l. Nejen na\u0161emu bytu, ale i n\u00e1m se ulev\u00ed.Pokud ka\u017ed\u00fd t\u00fdden v\u011bnujeme na\u0161emu bydlen\u00ed n\u011bkolik minut, ur\u010dit\u011b to na tom jarn\u00edm \u00faklidu pozn\u00e1me. Anebo ho m\u016f\u017eeme zru\u0161it \u00fapln\u011b. Jestli\u017ee n\u00e1s ukl\u00edzen\u00ed unavuje a obt\u011b\u017euje natolik, \u017ee n\u00e1m to bere n\u00e1ladu, tak to m\u016f\u017eeme vy\u0159e\u0161it je\u0161t\u011b jinak.D\u016eLE\u017dIT\u00c9 \u2013 p\u0159eho\u010fte jarn\u00ed a zimn\u00ed gruntov\u00e1n\u00ed na n\u011bjakou \u00faklidovou firmu a m\u00e1te pokoj \u00fapln\u011b.                                                                                                                                                                                                                                                                                                                                                                                        3.6\/5 - (9 votes)        "},{"@context":"https:\/\/schema.org\/","@type":"BreadcrumbList","itemListElement":[{"@type":"ListItem","position":1,"name":"Z bodu \u201eA\u201c do bodu \u201eA\u201c","item":"https:\/\/www.votana.cz\/z-bodu-a-do-bodu-a\/#breadcrumbitem"}]}]