[{"@context":"https:\/\/schema.org\/","@type":"Article","@id":"https:\/\/www.votana.cz\/strach-z-budoucnosti-po-financni-strance\/#Article","mainEntityOfPage":"https:\/\/www.votana.cz\/strach-z-budoucnosti-po-financni-strance\/","headline":"Strach z budoucnosti po finan\u010dn\u00ed str\u00e1nce","name":"Strach z budoucnosti po finan\u010dn\u00ed str\u00e1nce","description":"N\u011bkte\u0159\u00ed lid\u00e9 vid\u00ed svou budoucnost r\u016f\u017eov\u011b, a ti ostatn\u00ed na drogy nemaj\u00ed. M\u00e1te strach z budoucnosti https:\/\/www.fahd.cz\/mate-strach-z-budoucnosti\/? Tento vtip je u\u017e sice ohran\u00fd a pro n\u011bkter\u00e9 trapn\u00fd, ov\u0161em i tak m\u00e1 sv\u016fj v\u00fdznam. Na budoucnost m\u00e1me ka\u017ed\u00fd sv\u016fj n\u00e1zor. N\u011bkte\u0159\u00ed maj\u00ed o sv\u00e9 budoucnosti jasno a netr\u00e1p\u00ed se pl\u00e1nov\u00e1n\u00edm n\u011bkolik let dop\u0159edu, n\u011bkte\u0159\u00ed to ne\u0159e\u0161\u00ed [&hellip;]","datePublished":"2022-03-05","dateModified":"2023-05-31","author":{"@type":"Person","@id":"https:\/\/www.votana.cz\/author\/#Person","name":"","url":"https:\/\/www.votana.cz\/author\/","identifier":1,"image":{"@type":"ImageObject","@id":"https:\/\/secure.gravatar.com\/avatar\/087c2e57f451bc02fa8017914855d7c40cf6c7d5dc1637b868e007adc26322d1?s=96&d=mm&r=g","url":"https:\/\/secure.gravatar.com\/avatar\/087c2e57f451bc02fa8017914855d7c40cf6c7d5dc1637b868e007adc26322d1?s=96&d=mm&r=g","height":96,"width":96}},"publisher":{"@type":"Organization","name":"votana.cz","logo":{"@type":"ImageObject","@id":"\/logo.png","url":"\/logo.png","width":600,"height":60}},"image":{"@type":"ImageObject","@id":"https:\/\/www.votana.cz\/wp-content\/uploads\/calculator-385506_960_720.jpg","url":"https:\/\/www.votana.cz\/wp-content\/uploads\/calculator-385506_960_720.jpg","height":0,"width":0},"url":"https:\/\/www.votana.cz\/strach-z-budoucnosti-po-financni-strance\/","about":["Pen\u00edze"],"wordCount":457,"articleBody":"       N\u011bkte\u0159\u00ed lid\u00e9 vid\u00ed svou budoucnost r\u016f\u017eov\u011b, a ti ostatn\u00ed na drogy nemaj\u00ed. M\u00e1te strach z budoucnosti https:\/\/www.fahd.cz\/mate-strach-z-budoucnosti\/? Tento vtip je u\u017e sice ohran\u00fd a pro n\u011bkter\u00e9 trapn\u00fd, ov\u0161em i tak m\u00e1 sv\u016fj v\u00fdznam. Na budoucnost m\u00e1me ka\u017ed\u00fd sv\u016fj n\u00e1zor. N\u011bkte\u0159\u00ed maj\u00ed o sv\u00e9 budoucnosti jasno a netr\u00e1p\u00ed se pl\u00e1nov\u00e1n\u00edm n\u011bkolik let dop\u0159edu, n\u011bkte\u0159\u00ed to ne\u0159e\u0161\u00ed v\u016fbec a jin\u00ed se t\u00edm stresuj\u00ed den co den, jeliko\u017e svoji budoucnost nevid\u00ed ani trochu r\u016f\u017eov\u011b. Podle statistik se sv\u00e9 budoucnosti boj\u00ed a\u017e p\u011btina z n\u00e1s. Ale to v d\u016fsledku p\u0159edev\u0161\u00edm se zdra\u017eov\u00e1n\u00edm a zvy\u0161ov\u00e1n\u00edm dan\u00ed. Zat\u00edmco t\u00e9m\u011b\u0159 \u010dty\u0159icet procent osob o\u010dek\u00e1v\u00e1 v bl\u00edzk\u00e9 dob\u011b zlep\u0161en\u00ed sv\u00e9 finan\u010dn\u00ed situace, tak osmn\u00e1ct procent o\u010dek\u00e1v\u00e1 sp\u00ed\u0161e zhor\u0161en\u00ed, a to pr\u00e1v\u011b z ji\u017e zm\u00edn\u011bn\u00e9ho d\u016fvodu zdra\u017eov\u00e1n\u00ed a vy\u0161\u0161\u00edch dan\u00ed. Pokud nem\u00e1te n\u011bjak\u00e9 finan\u010dn\u00ed rezervy, toto zvy\u0161ov\u00e1n\u00ed v\u00fddaj\u016f na V\u00e1s m\u016f\u017ee m\u00edt ve finan\u010dn\u00edm ohledu vcelku velk\u00fd a nep\u0159\u00edjemn\u00fd vliv. Zat\u00edmco mu\u017ei s vysoko\u0161kolsk\u00fdm vzd\u011bl\u00e1n\u00edm m\u00edvaj\u00ed v\u011bt\u0161\u00ed finan\u010dn\u00ed \u00faspory, u osob s celkov\u00fdmi p\u0159\u00edjmy do p\u011btadvaceti tis\u00edc, to je trochu o n\u011b\u010dem jin\u00e9m. Dvacet procent na\u0161inc\u016f zvl\u00e1d\u00e1 m\u00edt na\u0161et\u0159eno i okolo 300 000 K\u010d a dal\u0161\u00edch sedmadvacet procent to zvl\u00e1d\u00e1 nad 100 000 K\u010d, st\u00e1le tu je mo\u017en\u00e1 v\u00edce ne\u017e \u010dtvrtina, jejich\u017e \u00faspory tvo\u0159\u00ed odhadem 10 000 K\u010d. Tato posledn\u00ed skupina m\u00e1 dost \u010dasto probl\u00e9m, \u017ee \u017eij\u00ed z v\u00fdplaty do v\u00fdplaty a dost \u010dasto balancuj\u00ed a \u0159e\u0161\u00ed ka\u017edou korunu. Pokud se zam\u011b\u0159\u00edme na v\u00fddaje co se t\u00fd\u010de dom\u00e1cnosti, maj\u00ed dva z p\u011bti na\u0161inc\u016f na\u0161et\u0159eno m\u00e9n\u011b jeden m\u011bs\u00ed\u010dn\u00ed p\u0159\u00edjem a ka\u017ed\u00fd des\u00e1t\u00fd m\u00e1 \u00faspory ve v\u00fd\u0161i pr\u00e1v\u011b tohoto p\u0159\u00edjmu. Do t\u011bchto skupinek lid\u00ed v\u011bt\u0161inou spadaj\u00ed ti, kte\u0159\u00ed se k vlastn\u00edmu p\u0159\u00edjmu ani nemaj\u00ed mo\u017enost dostat. Pat\u0159\u00ed sem a\u0165 u\u017e nezam\u011bstnan\u00ed nebo osoby bez maturity, tak i \u017eeny na mate\u0159sk\u00e9 \u010di v dom\u00e1cnosti. I p\u0159es to, \u017ee si mysl\u00edme, \u017ee na\u0161e budoucnost nem\u00e1 sv\u011btlou str\u00e1nku, nikdy bychom se na to nem\u011bli koukat z \u010dern\u00e9 str\u00e1nky a m\u011bli bychom zkusit naj\u00edt alespo\u0148 n\u011bjak\u00e9 sv\u011btlo. Tyto \u00fadaje jsou konkr\u00e9tn\u011bji dostupn\u00e9 na na\u0161em webu.                                                                                                                                                                                                                                                                                                                                                                                          3.7\/5 - (7 votes)        "},{"@context":"https:\/\/schema.org\/","@type":"BreadcrumbList","itemListElement":[{"@type":"ListItem","position":1,"name":"Strach z budoucnosti po finan\u010dn\u00ed str\u00e1nce","item":"https:\/\/www.votana.cz\/strach-z-budoucnosti-po-financni-strance\/#breadcrumbitem"}]}]