[{"@context":"https:\/\/schema.org\/","@type":"Article","@id":"https:\/\/www.votana.cz\/spravne-organizovat-neni-vubec-jednoduche\/#Article","mainEntityOfPage":"https:\/\/www.votana.cz\/spravne-organizovat-neni-vubec-jednoduche\/","headline":"Spr\u00e1vn\u011b organizovat nen\u00ed v\u016fbec jednoduch\u00e9","name":"Spr\u00e1vn\u011b organizovat nen\u00ed v\u016fbec jednoduch\u00e9","description":"Kdy\u017e se m\u00e1te postarat o organizaci n\u011bjak\u00e9ho projektu a nev\u00edte, jak na to, pak jste ve velmi t\u00ed\u017eiv\u00e9 situaci. I kdy\u017e s t\u00edm m\u00e1te ji\u017e n\u011bjak\u00e9 zku\u0161enosti, jist\u011b v\u00e1s \u0159\u00edzen\u00ed n\u011bjak\u00e9ho \u00fakolu m\u016f\u017ee p\u0159ekvapit. Jestli\u017ee byste proto cht\u011bli n\u011bjak\u00e9 \u0161kolen\u00ed, kter\u00e9 by v\u00e1s navr\u00e1tilo do star\u00fdch kolej\u00ed, kdy jste t\u00e9to problematice opravdu rozum\u011bli, pak byste [&hellip;]","datePublished":"2024-12-28","dateModified":"2024-12-28","author":{"@type":"Person","@id":"https:\/\/www.votana.cz\/author\/#Person","name":"","url":"https:\/\/www.votana.cz\/author\/","identifier":1,"image":{"@type":"ImageObject","@id":"https:\/\/secure.gravatar.com\/avatar\/087c2e57f451bc02fa8017914855d7c40cf6c7d5dc1637b868e007adc26322d1?s=96&d=mm&r=g","url":"https:\/\/secure.gravatar.com\/avatar\/087c2e57f451bc02fa8017914855d7c40cf6c7d5dc1637b868e007adc26322d1?s=96&d=mm&r=g","height":96,"width":96}},"publisher":{"@type":"Organization","name":"votana.cz","logo":{"@type":"ImageObject","@id":"\/logo.png","url":"\/logo.png","width":600,"height":60}},"url":"https:\/\/www.votana.cz\/spravne-organizovat-neni-vubec-jednoduche\/","wordCount":238,"articleBody":"Kdy\u017e se m\u00e1te postarat o organizaci n\u011bjak\u00e9ho projektu a nev\u00edte, jak na to, pak jste ve velmi t\u00ed\u017eiv\u00e9 situaci. I kdy\u017e s t\u00edm m\u00e1te ji\u017e n\u011bjak\u00e9 zku\u0161enosti, jist\u011b v\u00e1s \u0159\u00edzen\u00ed n\u011bjak\u00e9ho \u00fakolu m\u016f\u017ee p\u0159ekvapit. Jestli\u017ee byste proto cht\u011bli n\u011bjak\u00e9 \u0161kolen\u00ed, kter\u00e9 by v\u00e1s navr\u00e1tilo do star\u00fdch kolej\u00ed, kdy jste t\u00e9to problematice opravdu rozum\u011bli, pak byste se m\u011bli obr\u00e1tit na n\u00e1s. Nab\u00edz\u00edme v\u00e1m kvalitn\u00ed \u0161kolen\u00ed projektov\u00e9 \u0159\u00edzen\u00ed, kter\u00e9 v\u00e1m navr\u00e1t\u00ed schopnosti, kter\u00e9 se v\u00e1m vytratily z hlavy. Postar\u00e1me se o to, abyste byli zase t\u011bmi odborn\u00edky, kter\u00fdmi jste byli. U\u010den\u00ed, kter\u00e9 zvl\u00e1dne ka\u017ed\u00fd Pokud se nec\u00edt\u00edte na to zdokonalovat se v n\u011bjak\u00fdch hromadn\u00fdch skupin\u00e1ch, pak se v\u00e1m zajist\u00e9 zal\u00edb\u00ed na\u0161e postupy, kter\u00fdmi zdokonalujeme na\u0161e lidi. Ty jsou velmi propracovan\u00e9 a jsou realizov\u00e1ny za pomoc\u00ed virtu\u00e1ln\u00edch kurz\u016f. Rozhodn\u011b se ale nen\u00ed \u010deho b\u00e1t. Na\u0161e kurzy v\u017edy nau\u010dily v\u0161e pot\u0159ebn\u00e9 a p\u0159ipravili pracovn\u00edky na d\u016fle\u017eit\u00e9 schopnosti, kter\u00e9 musej\u00ed zvl\u00e1dat. Vy se proto m\u016f\u017eete t\u00edmto zp\u016fsobem nau\u010dit ve\u0161ker\u00e9 principy tak\u00e9, sta\u010d\u00ed cht\u00edt a zvl\u00e1dnete i slo\u017eit\u011bj\u0161\u00ed organizov\u00e1n\u00ed.                                                                                                                                                                                                                                                                                                                                                                                        5\/5 - (1 vote)        "},{"@context":"https:\/\/schema.org\/","@type":"BreadcrumbList","itemListElement":[{"@type":"ListItem","position":1,"name":"Spr\u00e1vn\u011b organizovat nen\u00ed v\u016fbec jednoduch\u00e9","item":"https:\/\/www.votana.cz\/spravne-organizovat-neni-vubec-jednoduche\/#breadcrumbitem"}]}]