[{"@context":"https:\/\/schema.org\/","@type":"Article","@id":"https:\/\/www.votana.cz\/parapety-jsou-potreba\/#Article","mainEntityOfPage":"https:\/\/www.votana.cz\/parapety-jsou-potreba\/","headline":"Parapety jsou pot\u0159eba","name":"Parapety jsou pot\u0159eba","description":"Mysl\u00edte si, \u017ee byste se obe\u0161li bez parapet\u016f, kter\u00e9 se v\u00e1m mo\u017en\u00e1 jev\u00ed jako naprosto zbyte\u010dn\u00fd kousek va\u0161eho interi\u00e9ru? Pokud ano, tak se nenechejte zm\u00fdlit. I p\u0159esto, \u017ee se jedn\u00e1 o nep\u0159\u00edli\u0161 vyu\u017e\u00edvanou plochu pod va\u0161\u00edm oknem, tak m\u00e1 rozhodn\u011b v\u00fdznam. M\u016f\u017eete si sem odkl\u00e1dat pot\u0159ebn\u00e9 v\u011bci, kter\u00e9 se jinam nevejdou, tedy r\u016fzn\u00e9 fotografie z [&hellip;]","datePublished":"2024-04-27","dateModified":"2024-04-27","author":{"@type":"Person","@id":"https:\/\/www.votana.cz\/author\/#Person","name":"","url":"https:\/\/www.votana.cz\/author\/","identifier":1,"image":{"@type":"ImageObject","@id":"https:\/\/secure.gravatar.com\/avatar\/087c2e57f451bc02fa8017914855d7c40cf6c7d5dc1637b868e007adc26322d1?s=96&d=mm&r=g","url":"https:\/\/secure.gravatar.com\/avatar\/087c2e57f451bc02fa8017914855d7c40cf6c7d5dc1637b868e007adc26322d1?s=96&d=mm&r=g","height":96,"width":96}},"publisher":{"@type":"Organization","name":"votana.cz","logo":{"@type":"ImageObject","@id":"\/logo.png","url":"\/logo.png","width":600,"height":60}},"url":"https:\/\/www.votana.cz\/parapety-jsou-potreba\/","wordCount":231,"articleBody":"Mysl\u00edte si, \u017ee byste se obe\u0161li bez parapet\u016f, kter\u00e9 se v\u00e1m mo\u017en\u00e1 jev\u00ed jako naprosto zbyte\u010dn\u00fd kousek va\u0161eho interi\u00e9ru? Pokud ano, tak se nenechejte zm\u00fdlit. I p\u0159esto, \u017ee se jedn\u00e1 o nep\u0159\u00edli\u0161 vyu\u017e\u00edvanou plochu pod va\u0161\u00edm oknem, tak m\u00e1 rozhodn\u011b v\u00fdznam. M\u016f\u017eete si sem odkl\u00e1dat pot\u0159ebn\u00e9 v\u011bci, kter\u00e9 se jinam nevejdou, tedy r\u016fzn\u00e9 fotografie z cest, va\u0161e milovan\u00e9 kv\u011btiny anebo t\u0159eba cennosti. Je jenom na v\u00e1s, jak budete tuto z\u00e1le\u017eitost vyu\u017e\u00edvat, ve v\u0161ech p\u0159\u00edpadech budete ale s t\u00edmto odkl\u00e1dac\u00edm prostorem spokojeni. Je to zkr\u00e1tka n\u011bco, co zcela neodmysliteln\u011b pat\u0159\u00ed k okn\u016fm jako takov\u00fdm.S oknem tvo\u0159\u00ed celekJe nesm\u00edrn\u011b d\u016fle\u017eit\u00e9, aby tyto prvky tvo\u0159ily s oknem jako takov\u00fdm dokonalou dvojku. Nen\u00ed mo\u017en\u00e9, aby jedna \u010d\u00e1st byla v\u00fdrazn\u00e1, a druh\u00e1 nikoliv, je pot\u0159eba se zam\u011b\u0159it na to, aby to v z\u00e1v\u011bru vypadalo co nejl\u00e9pe a aby se to dokonale hodilo pr\u00e1v\u011b do va\u0161eho interi\u00e9ru. Nen\u00ed nic jednodu\u0161\u0161\u00edho, ne\u017e si prolistovat nab\u00eddku r\u016fzn\u00fdch barev a ujasnit si, co bude ladit s barvou pokoje nebo t\u0159eba s barvou oken. Je nezbytn\u011b nutn\u00e9, abyste vytvo\u0159ili slad\u011bn\u00fd celek.                                                                                                                                                                                                                                                                                                                                                                                        4.1\/5 - (7 votes)        "},{"@context":"https:\/\/schema.org\/","@type":"BreadcrumbList","itemListElement":[{"@type":"ListItem","position":1,"name":"Parapety jsou pot\u0159eba","item":"https:\/\/www.votana.cz\/parapety-jsou-potreba\/#breadcrumbitem"}]}]