[{"@context":"https:\/\/schema.org\/","@type":"Article","@id":"https:\/\/www.votana.cz\/oblecte-sve-ratolesti\/#Article","mainEntityOfPage":"https:\/\/www.votana.cz\/oblecte-sve-ratolesti\/","headline":"Oble\u010dte sv\u00e9 ratolesti","name":"Oble\u010dte sv\u00e9 ratolesti","description":"D\u011bti jsou roztomil\u00e1 stvo\u0159en\u00ed, kter\u00e1 neust\u00e1le dov\u00e1d\u00ed a hraj\u00ed si se sv\u00fdmi kamar\u00e1dy. Pokud si i vy pamatujete na ty kr\u00e1sn\u00e1 obdob\u00ed, pak jim jist\u011b rozum\u00edte. Kdy\u017e ale skota\u010d\u00ed, m\u016f\u017ee se st\u00e1t, \u017ee si zni\u010d\u00ed oble\u010den\u00ed, kter\u00e9 maj\u00ed na sob\u011b. Proto jim mus\u00edme \u010das o \u010dasu po\u0159\u00eddit n\u011bco nov\u00e9ho, v \u010dem by mohli chodit jak [&hellip;]","datePublished":"2023-05-17","dateModified":"2024-05-21","author":{"@type":"Person","@id":"https:\/\/www.votana.cz\/author\/#Person","name":"","url":"https:\/\/www.votana.cz\/author\/","identifier":1,"image":{"@type":"ImageObject","@id":"https:\/\/secure.gravatar.com\/avatar\/087c2e57f451bc02fa8017914855d7c40cf6c7d5dc1637b868e007adc26322d1?s=96&d=mm&r=g","url":"https:\/\/secure.gravatar.com\/avatar\/087c2e57f451bc02fa8017914855d7c40cf6c7d5dc1637b868e007adc26322d1?s=96&d=mm&r=g","height":96,"width":96}},"publisher":{"@type":"Organization","name":"votana.cz","logo":{"@type":"ImageObject","@id":"\/logo.png","url":"\/logo.png","width":600,"height":60}},"url":"https:\/\/www.votana.cz\/oblecte-sve-ratolesti\/","wordCount":248,"articleBody":"D\u011bti jsou roztomil\u00e1 stvo\u0159en\u00ed, kter\u00e1 neust\u00e1le dov\u00e1d\u00ed a hraj\u00ed si se sv\u00fdmi kamar\u00e1dy. Pokud si i vy pamatujete na ty kr\u00e1sn\u00e1 obdob\u00ed, pak jim jist\u011b rozum\u00edte. Kdy\u017e ale skota\u010d\u00ed, m\u016f\u017ee se st\u00e1t, \u017ee si zni\u010d\u00ed oble\u010den\u00ed, kter\u00e9 maj\u00ed na sob\u011b. Proto jim mus\u00edme \u010das o \u010dasu po\u0159\u00eddit n\u011bco nov\u00e9ho, v \u010dem by mohli chodit jak ven, tak do \u0161koly \u010di na n\u00e1v\u0161t\u011bvy. D\u011btsk\u00e1 tri\u010dka jsou t\u00edm nejz\u00e1kladn\u011bj\u0161\u00edm, co m\u016f\u017eete ka\u017ed\u00e9 ratolesti d\u00e1t. Vyu\u017eijete je jak v zim\u011b, tak v l\u00e9t\u011b, kdy ratolesti nos\u00ed jen tri\u010dka. Je proto rozumn\u00e9 pod\u00edvat se do nab\u00eddky t\u011bchto produkt\u016f a tam si n\u011bco vybrat. Ud\u011bl\u00e1te t\u00edm radost sob\u011b i ratolestem.Myslete na kvalituPokud chcete \u0161et\u0159it na oble\u010den\u00ed pro ratolesti, nen\u00ed to dobr\u00fd n\u00e1pad. P\u0159eci jen, na\u0161i potomci jsou celkov\u011b n\u00e1chyln\u011bj\u0161\u00ed k r\u016fzn\u00fdm alergi\u00edm a podobn\u011b, a tak by bylo velmi \u0161patn\u00e9, kdybyste v nich n\u011bco rozdm\u00fdchali. V\u017edy je dobr\u00e9 d\u00edvat se po v\u011bt\u0161\u00edch kvalit\u00e1ch l\u00e1tek, kter\u00e9 mohou zajistit pohodln\u00e9 no\u0161en\u00ed a v neposledn\u00ed \u0159ad\u011b tak\u00e9 snadn\u00e9 \u010di\u0161t\u011bn\u00ed. To nejhor\u0161\u00ed, co m\u016f\u017eete sv\u00fdm ratolestem d\u00e1t, je oble\u010den\u00ed, kter\u00e9 sice bude vypadat hezky, ale za to bude skute\u010dn\u011b nekvalitn\u00ed.                                                                                                                                                                                                                                                                                                                                                                                        4\/5 - (12 votes)        "},{"@context":"https:\/\/schema.org\/","@type":"BreadcrumbList","itemListElement":[{"@type":"ListItem","position":1,"name":"Oble\u010dte sv\u00e9 ratolesti","item":"https:\/\/www.votana.cz\/oblecte-sve-ratolesti\/#breadcrumbitem"}]}]