[{"@context":"https:\/\/schema.org\/","@type":"Article","@id":"https:\/\/www.votana.cz\/obezita-neni-jen-vizualni-problem\/#Article","mainEntityOfPage":"https:\/\/www.votana.cz\/obezita-neni-jen-vizualni-problem\/","headline":"Obezita nen\u00ed jen vizu\u00e1ln\u00ed probl\u00e9m","name":"Obezita nen\u00ed jen vizu\u00e1ln\u00ed probl\u00e9m","description":"Je a\u017e neuv\u011b\u0159iteln\u00e9, jak moc se nadv\u00e1ha a obezita roz\u0161\u00ed\u0159ily v na\u0161ich statistik\u00e1ch. A skute\u010dn\u011b d\u011bsiv\u00e9 je i to, \u017ee se objevuje ji\u017e u d\u011bt\u00ed. Je pravdou, \u017ee nad t\u00edm by se m\u011bli zamyslet hodn\u011b rodi\u010de a p\u0159ehodnotit, co vlastn\u011b jejich potomci d\u011blaj\u00ed a jak se stravuj\u00ed. M\u016f\u017ee jim b\u00fdt zcela jasn\u00e9, \u017ee vysed\u00e1v\u00e1n\u00ed u [&hellip;]","datePublished":"2020-05-15","dateModified":"2024-05-06","author":{"@type":"Person","@id":"https:\/\/www.votana.cz\/author\/#Person","name":"","url":"https:\/\/www.votana.cz\/author\/","identifier":1,"image":{"@type":"ImageObject","@id":"https:\/\/secure.gravatar.com\/avatar\/087c2e57f451bc02fa8017914855d7c40cf6c7d5dc1637b868e007adc26322d1?s=96&d=mm&r=g","url":"https:\/\/secure.gravatar.com\/avatar\/087c2e57f451bc02fa8017914855d7c40cf6c7d5dc1637b868e007adc26322d1?s=96&d=mm&r=g","height":96,"width":96}},"publisher":{"@type":"Organization","name":"votana.cz","logo":{"@type":"ImageObject","@id":"\/logo.png","url":"\/logo.png","width":600,"height":60}},"image":{"@type":"ImageObject","@id":"https:\/\/www.votana.cz\/wp-content\/uploads\/d%C3%ADt%C4%9B%20tuk.jpg","url":"https:\/\/www.votana.cz\/wp-content\/uploads\/d%C3%ADt%C4%9B%20tuk.jpg","height":0,"width":0},"url":"https:\/\/www.votana.cz\/obezita-neni-jen-vizualni-problem\/","about":["N\u00e1kupy"],"wordCount":425,"articleBody":"       Je a\u017e neuv\u011b\u0159iteln\u00e9, jak moc se nadv\u00e1ha a obezita roz\u0161\u00ed\u0159ily v na\u0161ich statistik\u00e1ch. A skute\u010dn\u011b d\u011bsiv\u00e9 je i to, \u017ee se objevuje ji\u017e u d\u011bt\u00ed. Je pravdou, \u017ee nad t\u00edm by se m\u011bli zamyslet hodn\u011b rodi\u010de a p\u0159ehodnotit, co vlastn\u011b jejich potomci d\u011blaj\u00ed a jak se stravuj\u00ed. M\u016f\u017ee jim b\u00fdt zcela jasn\u00e9, \u017ee vysed\u00e1v\u00e1n\u00ed u po\u010d\u00edta\u010d\u016f nebo televizn\u00edch program\u016f a konzumace nezdrav\u00fdch surovin, jim kilogramy nav\u00edc jen podpo\u0159\u00ed. Mo\u017en\u00e1 by pomohlo, kdybychom si v\u0161ichni uv\u011bdomili, \u017ee vizu\u00e1ln\u00ed v\u00fdsledky rozhodn\u011b nejsou hezk\u00e9, ale p\u0159edev\u0161\u00edm jsou zde je\u0161t\u011b dal\u0161\u00ed skryt\u00ed kamar\u00e1di, kte\u0159\u00ed obezitu velmi r\u00e1di doprov\u00e1z\u00ed. Jedn\u00e1 se o r\u016fzn\u00e1 p\u0159idru\u017een\u00e1 onemocn\u011bn\u00ed, kter\u00e1 mohou b\u00fdt kardiovaskul\u00e1rn\u00edho typu nebo vyvol\u00e1vat cukrovku, ale i depresi. Nicm\u00e9n\u011b se mohou objevit dal\u0161\u00ed probl\u00e9my, kter\u00e9 mohou zasahovat a\u017e do ortopedick\u00e9ho odd\u011blen\u00ed. V\u00e1ha a nemocn\u00e1 psychikaKdy\u017e se podrobn\u011bji zamysl\u00edme nad v\u00e1hou a psychikou, tak m\u016f\u017eeme jen potvrdit, \u017ee spolu velmi \u00fazce souvis\u00ed a t\u011b\u017eko \u0159\u00edci, co vlastn\u011b bylo na po\u010d\u00e1tku. Zdali psychika byla tak k\u0159ehk\u00e1, \u017ee donutila \u010dlov\u011bka uspokojovat se j\u00eddlem a v\u00edt\u011bzit nad touto slabost\u00ed. Nebo snad rostouc\u00ed hmotnost zp\u016fsobila depresivn\u00ed podm\u00ednky a doty\u010dn\u00e1 osoba nedok\u00e1\u017ee vystoupit z tohoto stylu. Mnohdy je zapot\u0159eb\u00ed odborn\u00e9 pomoci nejen v oblasti poradenstv\u00ed, ale i v sestaven\u00ed j\u00eddeln\u00ed\u010dku, kter\u00fd jak se zd\u00e1 bude st\u011b\u017eejn\u00ed pro z\u00edsk\u00e1n\u00ed rovnov\u00e1hy. P\u0159ej\u00edd\u00e1n\u00ed je dal\u0161\u00ed problematikaNutnost v\u0161echno sn\u00edst a hlavn\u011b to, co n\u00e1m chutn\u00e1, to je dal\u0161\u00ed probl\u00e9m, kter\u00e9mu mus\u00edme \u010delit. P\u0159itom by \u0161lo zav\u00e9st trochu v\u00edce discipl\u00edny do stravov\u00e1n\u00ed a \u0161lo by to mnohem snadn\u011bji. Do pln\u00e9ho \u017ealudku toti\u017e nikdo nic nenacpe, i kdy\u017e by kolikr\u00e1t moc cht\u011bl. Hodn\u011b mohou pomoci dopl\u0148ky stravy. Tak\u00e9 si lze koupit adipex retard, kter\u00fd je skv\u011bl\u00fd bojovn\u00edk v oblasti zv\u00fd\u0161en\u00e9 hmotnosti. Vyvol\u00e1 pocit pln\u00e9ho \u017ealudku a t\u00edm p\u00e1dem se toho i pom\u011brn\u011b m\u00e9n\u011b zkonzumuje. Nelze se ov\u0161em spol\u00e9hat jen na n\u011bjak\u00e9 pilulky, tak\u00e9 je t\u0159eba n\u011bco pro to n\u011bco ud\u011blat. Nastavit si n\u011bjak\u00e9 priority a ty dodr\u017eovat bude tak\u00e9 velmi p\u0159\u00ednosn\u00e9 pro boj s nadv\u00e1hou.                                                                                                                                                                                                                                                                                                                                                                                           3.4\/5 - (5 votes)        "},{"@context":"https:\/\/schema.org\/","@type":"BreadcrumbList","itemListElement":[{"@type":"ListItem","position":1,"name":"Obezita nen\u00ed jen vizu\u00e1ln\u00ed probl\u00e9m","item":"https:\/\/www.votana.cz\/obezita-neni-jen-vizualni-problem\/#breadcrumbitem"}]}]