[{"@context":"https:\/\/schema.org\/","@type":"Article","@id":"https:\/\/www.votana.cz\/novy-umelecky-styl\/#Article","mainEntityOfPage":"https:\/\/www.votana.cz\/novy-umelecky-styl\/","headline":"Nov\u00fd um\u011bleck\u00fd styl","name":"Nov\u00fd um\u011bleck\u00fd styl","description":"Pokud dom\u016f nebo do kancel\u00e1\u0159e sh\u00e1n\u00edte malbu nov\u00e9ho stylu, zami\u0159te k n\u00e1m. V na\u0161\u00ed pestr\u00e9 nab\u00eddce naleznete um\u011blecky hodnotn\u00e9 modern\u00ed obrazy vytvo\u0159en\u00e9 \u010desk\u00fdmi a slovensk\u00fdmi um\u011blci. Jedn\u00e1 se obarevn\u00e1, \u010dernob\u00edl\u00e1 a kombinovan\u00e1 d\u00edla, kter\u00e1 se skl\u00e1daj\u00ed z klasick\u00e9 malby a fotografie. Kvalitn\u00ed pl\u00e1tno Ve\u0161ker\u00e9 obrazy, kter\u00e9 u n\u00e1s najdete, se vytv\u00e1\u0159ej\u00ed na prvot\u0159\u00eddn\u00edch ekologicky vyroben\u00fdch [&hellip;]","datePublished":"2025-02-21","dateModified":"2025-02-21","author":{"@type":"Person","@id":"https:\/\/www.votana.cz\/author\/#Person","name":"","url":"https:\/\/www.votana.cz\/author\/","identifier":1,"image":{"@type":"ImageObject","@id":"https:\/\/secure.gravatar.com\/avatar\/087c2e57f451bc02fa8017914855d7c40cf6c7d5dc1637b868e007adc26322d1?s=96&d=mm&r=g","url":"https:\/\/secure.gravatar.com\/avatar\/087c2e57f451bc02fa8017914855d7c40cf6c7d5dc1637b868e007adc26322d1?s=96&d=mm&r=g","height":96,"width":96}},"publisher":{"@type":"Organization","name":"votana.cz","logo":{"@type":"ImageObject","@id":"\/logo.png","url":"\/logo.png","width":600,"height":60}},"url":"https:\/\/www.votana.cz\/novy-umelecky-styl\/","wordCount":174,"articleBody":"Pokud dom\u016f nebo do kancel\u00e1\u0159e sh\u00e1n\u00edte malbu nov\u00e9ho stylu, zami\u0159te k n\u00e1m. V na\u0161\u00ed pestr\u00e9 nab\u00eddce naleznete um\u011blecky hodnotn\u00e9 modern\u00ed obrazy vytvo\u0159en\u00e9 \u010desk\u00fdmi a slovensk\u00fdmi um\u011blci. Jedn\u00e1 se obarevn\u00e1, \u010dernob\u00edl\u00e1 a kombinovan\u00e1 d\u00edla, kter\u00e1 se skl\u00e1daj\u00ed z klasick\u00e9 malby a fotografie. Kvalitn\u00ed pl\u00e1tno Ve\u0161ker\u00e9 obrazy, kter\u00e9 u n\u00e1s najdete, se vytv\u00e1\u0159ej\u00ed na prvot\u0159\u00eddn\u00edch ekologicky vyroben\u00fdch pl\u00e1tnech. Tot\u00e9\u017e se d\u00e1 \u0159\u00edci i o barv\u00e1ch, kter\u00e9 pou\u017e\u00edv\u00e1me. Se zhotoven\u00edm n\u011bkter\u00fdch typ\u016f d\u011bl n\u00e1m pom\u00e1h\u00e1 i inkoustov\u00e1 technika Canon, kter\u00e1 pat\u0159\u00ed mezi nejlep\u0161\u00ed na sv\u011bt\u011b. D\u00edky t\u00e9to technice z\u016fstane barva obrazu nem\u011bnn\u00e1 po cel\u00e1 desetilet\u00ed. Rychl\u00e9 dod\u00e1n\u00ed Doba mezi objedn\u00e1n\u00edm obrazu a doru\u010den\u00edm z\u00e1silky obvykle nep\u0159es\u00e1hne lh\u016ftu deseti pracovn\u00edch dn\u016f. Budete-li si cht\u00edt objednat malbu na m\u00edru, mus\u00edte po\u010d\u00edtat s del\u0161\u00ed \u010dekac\u00ed lh\u016ftou.                                                                                                                                                                                                                                                                                                                                                                                        3.7\/5 - (4 votes)        "},{"@context":"https:\/\/schema.org\/","@type":"BreadcrumbList","itemListElement":[{"@type":"ListItem","position":1,"name":"Nov\u00fd um\u011bleck\u00fd styl","item":"https:\/\/www.votana.cz\/novy-umelecky-styl\/#breadcrumbitem"}]}]