[{"@context":"https:\/\/schema.org\/","@type":"Article","@id":"https:\/\/www.votana.cz\/na-co-platit-predrazene-najmy\/#Article","mainEntityOfPage":"https:\/\/www.votana.cz\/na-co-platit-predrazene-najmy\/","headline":"Na co platit p\u0159edra\u017een\u00e9 n\u00e1jmy?","name":"Na co platit p\u0159edra\u017een\u00e9 n\u00e1jmy?","description":"Na\u0161e spole\u010dnost V\u00e1m nab\u00edz\u00ed mo\u017enost p\u0159esunout s\u00eddlo sv\u00e9 firmy p\u0159\u00edmo do centra \u010desk\u00e9 metropole. Takov\u00e9to s\u00eddlo firmy je vlastn\u011b klasickou virtu\u00e1ln\u00ed kancel\u00e1\u0159i se v\u0161emi v\u00fdhodami a nev\u00fdhodami s n\u00ed spojen\u00fdmi. M\u016f\u017eete na\u0161e s\u00eddlo firmy naj\u00edt na dvou velice presti\u017en\u00edch adres\u00e1ch &#8211; na Karlov\u011b n\u00e1m\u011bst\u00ed na Praze 2 a na ulici Husineck\u00e9 na Praze 3.S\u00eddlo firmy [&hellip;]","datePublished":"2025-04-15","dateModified":"2025-04-15","author":{"@type":"Person","@id":"https:\/\/www.votana.cz\/author\/#Person","name":"","url":"https:\/\/www.votana.cz\/author\/","identifier":1,"image":{"@type":"ImageObject","@id":"https:\/\/secure.gravatar.com\/avatar\/087c2e57f451bc02fa8017914855d7c40cf6c7d5dc1637b868e007adc26322d1?s=96&d=mm&r=g","url":"https:\/\/secure.gravatar.com\/avatar\/087c2e57f451bc02fa8017914855d7c40cf6c7d5dc1637b868e007adc26322d1?s=96&d=mm&r=g","height":96,"width":96}},"publisher":{"@type":"Organization","name":"votana.cz","logo":{"@type":"ImageObject","@id":"\/logo.png","url":"\/logo.png","width":600,"height":60}},"url":"https:\/\/www.votana.cz\/na-co-platit-predrazene-najmy\/","wordCount":186,"articleBody":"Na\u0161e spole\u010dnost V\u00e1m nab\u00edz\u00ed mo\u017enost p\u0159esunout s\u00eddlo sv\u00e9 firmy p\u0159\u00edmo do centra \u010desk\u00e9 metropole. Takov\u00e9to s\u00eddlo firmy je vlastn\u011b klasickou virtu\u00e1ln\u00ed kancel\u00e1\u0159i se v\u0161emi v\u00fdhodami a nev\u00fdhodami s n\u00ed spojen\u00fdmi. M\u016f\u017eete na\u0161e s\u00eddlo firmy naj\u00edt na dvou velice presti\u017en\u00edch adres\u00e1ch &#8211; na Karlov\u011b n\u00e1m\u011bst\u00ed na Praze 2 a na ulici Husineck\u00e9 na Praze 3.S\u00eddlo firmy je ji\u017e v z\u00e1kladn\u00edm bal\u00ed\u010dku pom\u011brn\u011b slu\u0161n\u011b vybaveno. M\u016f\u017eete v n\u011bm naj\u00edt jak zasedac\u00ed m\u00edstnost ur\u010denou k jedn\u00e1n\u00ed s klienty \u010di \u00fa\u0159ady, tak i vlastn\u00ed pevnou telefonn\u00ed linku. Tato linka se bude p\u0159esm\u011brov\u00e1vat na Va\u0161e telefonn\u00ed \u010d\u00edslo nebo V\u00e1\u0161 z\u00e1znamn\u00edk. K dispozici tak\u00e9 dostanete i vlastn\u00ed po\u0161tovn\u00ed schr\u00e1nku, do kter\u00e9 bude chodit Va\u0161e firemn\u00ed korespondence.CenaS\u00eddlo firmy v Praze m\u016f\u017ee b\u00fdt i pom\u011brn\u011b levnou z\u00e1le\u017eitost\u00ed. Nab\u00edz\u00edme V\u00e1m ho ji\u017e za m\u011bs\u00ed\u010dn\u00ed n\u00e1jem 452,- K\u010d.                                                                                                                                                                                                                                                                                                                                                                                                "},{"@context":"https:\/\/schema.org\/","@type":"BreadcrumbList","itemListElement":[{"@type":"ListItem","position":1,"name":"Na co platit p\u0159edra\u017een\u00e9 n\u00e1jmy?","item":"https:\/\/www.votana.cz\/na-co-platit-predrazene-najmy\/#breadcrumbitem"}]}]