[{"@context":"https:\/\/schema.org\/","@type":"Article","@id":"https:\/\/www.votana.cz\/letni-tabor-zajisti-skvele-prazdniny-pro-vase-deti\/#Article","mainEntityOfPage":"https:\/\/www.votana.cz\/letni-tabor-zajisti-skvele-prazdniny-pro-vase-deti\/","headline":"Letn\u00ed t\u00e1bor zajist\u00ed skv\u011bl\u00e9 pr\u00e1zdniny pro va\u0161e d\u011bti","name":"Letn\u00ed t\u00e1bor zajist\u00ed skv\u011bl\u00e9 pr\u00e1zdniny pro va\u0161e d\u011bti","description":"Chcete, aby va\u0161e d\u011bti o leto\u0161n\u00edch pr\u00e1zdnin\u00e1ch za\u017eily n\u011bco nov\u00e9ho? N\u011bjak\u00e1 nov\u00e1 dobrodru\u017estv\u00ed, z\u00e1bavu, ale i legraci? Aby poznaly nov\u00e9 kamar\u00e1dy, nau\u010dily se nov\u00fdm zku\u0161enostem a za\u017eily to prav\u00e9 pr\u00e1zdninov\u00e9 letn\u00ed dobrodru\u017estv\u00ed? Pak by ur\u010dit\u011b m\u011bly jet na Letn\u00ed t\u00e1bor s n\u00e1mi! Ten jim toti\u017e zajist\u00ed ty nejlep\u0161\u00ed pr\u00e1zdniny pod sluncem! Nev\u011b\u0159\u00edte? Pod\u00edvejte se na [&hellip;]","datePublished":"2024-10-13","dateModified":"2024-10-13","author":{"@type":"Person","@id":"https:\/\/www.votana.cz\/author\/#Person","name":"","url":"https:\/\/www.votana.cz\/author\/","identifier":1,"image":{"@type":"ImageObject","@id":"https:\/\/secure.gravatar.com\/avatar\/087c2e57f451bc02fa8017914855d7c40cf6c7d5dc1637b868e007adc26322d1?s=96&d=mm&r=g","url":"https:\/\/secure.gravatar.com\/avatar\/087c2e57f451bc02fa8017914855d7c40cf6c7d5dc1637b868e007adc26322d1?s=96&d=mm&r=g","height":96,"width":96}},"publisher":{"@type":"Organization","name":"votana.cz","logo":{"@type":"ImageObject","@id":"\/logo.png","url":"\/logo.png","width":600,"height":60}},"url":"https:\/\/www.votana.cz\/letni-tabor-zajisti-skvele-prazdniny-pro-vase-deti\/","wordCount":248,"articleBody":"\tChcete, aby va\u0161e d\u011bti o leto\u0161n\u00edch pr\u00e1zdnin\u00e1ch za\u017eily n\u011bco nov\u00e9ho? N\u011bjak\u00e1 nov\u00e1 dobrodru\u017estv\u00ed, z\u00e1bavu, ale i legraci? Aby poznaly nov\u00e9 kamar\u00e1dy, nau\u010dily se nov\u00fdm zku\u0161enostem a za\u017eily to prav\u00e9 pr\u00e1zdninov\u00e9 letn\u00ed dobrodru\u017estv\u00ed? Pak by ur\u010dit\u011b m\u011bly jet na Letn\u00ed t\u00e1bor s n\u00e1mi! Ten jim toti\u017e zajist\u00ed ty nejlep\u0161\u00ed pr\u00e1zdniny pod sluncem! Nev\u011b\u0159\u00edte? Pod\u00edvejte se na ohlasy jin\u00fdch d\u011bt\u00ed a jejich rodi\u010d\u016f. Tyto d\u011bti n\u00e1\u0161 letn\u00ed t\u00e1bor nav\u0161t\u00edvily a od t\u00e9 doby se ka\u017edoro\u010dn\u011b nemohou do\u010dkat pr\u00e1zdnin a nov\u00fdch z\u00e1\u017eitk\u016f na letn\u00edm t\u00e1bo\u0159e!\tMy se o v\u0161e postar\u00e1me\tM\u00e1te snad obavu, \u017ee by se va\u0161emu d\u00edt\u011bti na letn\u00edm t\u00e1bo\u0159e mohlo n\u011bco p\u0159ihodit? Jeden\u00e1ct dn\u00ed je dlouh\u00e1 doba, ale ni\u010deho se nebojte! My se toti\u017e o va\u0161e d\u011bti perfektn\u011b postar\u00e1me. Jakmile d\u00edt\u011b p\u0159ijde k autobusu, kter\u00fd ho m\u00e1 odv\u00e9zt do t\u00e1bora, okam\u017eit\u011b za\u010d\u00edn\u00e1 pr\u00e1zdninov\u00e1 z\u00e1bava. M\u00e1me p\u0159ipraven bohat\u00fd program na ka\u017ed\u00fd den, pestrou stravu pro ka\u017ed\u00e9ho mal\u00e9ho t\u00e1born\u00edka a zdravotn\u00edk je samoz\u0159ejm\u011b po celou dobu p\u0159\u00edtomen! Ni\u010deho se tedy nebojte a p\u0159ihlaste va\u0161e d\u00edtko na letn\u00ed t\u00e1bor!                                                                                                                                                                                                                                                                                                                                                                                         5\/5 - (1 vote)        "},{"@context":"https:\/\/schema.org\/","@type":"BreadcrumbList","itemListElement":[{"@type":"ListItem","position":1,"name":"Letn\u00ed t\u00e1bor zajist\u00ed skv\u011bl\u00e9 pr\u00e1zdniny pro va\u0161e d\u011bti","item":"https:\/\/www.votana.cz\/letni-tabor-zajisti-skvele-prazdniny-pro-vase-deti\/#breadcrumbitem"}]}]