[{"@context":"https:\/\/schema.org\/","@type":"Article","@id":"https:\/\/www.votana.cz\/kdyz-potrebuji-neco-prevezt-pujcim-si-dodavku\/#Article","mainEntityOfPage":"https:\/\/www.votana.cz\/kdyz-potrebuji-neco-prevezt-pujcim-si-dodavku\/","headline":"Kdy\u017e pot\u0159ebuji n\u011bco p\u0159ev\u00e9zt, p\u016fj\u010d\u00edm si dod\u00e1vku","name":"Kdy\u017e pot\u0159ebuji n\u011bco p\u0159ev\u00e9zt, p\u016fj\u010d\u00edm si dod\u00e1vku","description":"Ano, zap\u016fj\u010den\u00ed speci\u00e1ln\u00edho vozidla, je mo\u017enost, jak vy\u0159e\u0161it probl\u00e9m s p\u0159evozem p\u0159edm\u011bt\u016f, kter\u00e9 do osobn\u00edho automobilu prost\u011b nenacpete. Pokud se n\u011bco nevleze do va\u0161eho osobn\u00edho vozu, vleze se to ur\u010dit\u011b do dod\u00e1vky. M\u016f\u017eete tak s klidem p\u0159ev\u00e1\u017eet t\u0159eba piano, rozm\u011brn\u00e9 sk\u0159\u00edn\u011b, ale tak\u00e9 neskladn\u00fd materi\u00e1l, kdy\u017e stav\u00edte d\u016fm \u010di chatu. V p\u0159\u00edpad\u011b st\u011bhov\u00e1n\u00ed v\u00e1m na\u0161e [&hellip;]","datePublished":"2021-12-14","dateModified":"2023-05-04","author":{"@type":"Person","@id":"https:\/\/www.votana.cz\/author\/#Person","name":"","url":"https:\/\/www.votana.cz\/author\/","identifier":1,"image":{"@type":"ImageObject","@id":"https:\/\/secure.gravatar.com\/avatar\/087c2e57f451bc02fa8017914855d7c40cf6c7d5dc1637b868e007adc26322d1?s=96&d=mm&r=g","url":"https:\/\/secure.gravatar.com\/avatar\/087c2e57f451bc02fa8017914855d7c40cf6c7d5dc1637b868e007adc26322d1?s=96&d=mm&r=g","height":96,"width":96}},"publisher":{"@type":"Organization","name":"votana.cz","logo":{"@type":"ImageObject","@id":"\/logo.png","url":"\/logo.png","width":600,"height":60}},"image":{"@type":"ImageObject","@id":"https:\/\/www.votana.cz\/wp-content\/uploads\/dod%C3%A1vka_10_2.jpg","url":"https:\/\/www.votana.cz\/wp-content\/uploads\/dod%C3%A1vka_10_2.jpg","height":0,"width":0},"url":"https:\/\/www.votana.cz\/kdyz-potrebuji-neco-prevezt-pujcim-si-dodavku\/","about":["Slu\u017eby"],"wordCount":459,"articleBody":"   Ano, zap\u016fj\u010den\u00ed speci\u00e1ln\u00edho vozidla, je mo\u017enost, jak vy\u0159e\u0161it probl\u00e9m s p\u0159evozem p\u0159edm\u011bt\u016f, kter\u00e9 do osobn\u00edho automobilu prost\u011b nenacpete. Pokud se n\u011bco nevleze do va\u0161eho osobn\u00edho vozu, vleze se to ur\u010dit\u011b do dod\u00e1vky. M\u016f\u017eete tak s klidem p\u0159ev\u00e1\u017eet t\u0159eba piano, rozm\u011brn\u00e9 sk\u0159\u00edn\u011b, ale tak\u00e9 neskladn\u00fd materi\u00e1l, kdy\u017e stav\u00edte d\u016fm \u010di chatu. V p\u0159\u00edpad\u011b st\u011bhov\u00e1n\u00ed v\u00e1m na\u0161e spole\u010dnost m\u016f\u017ee dokonce zajistit komplexn\u00ed slu\u017eby se st\u011bhov\u00e1n\u00edm. Nebo v p\u0159\u00edpad\u011b, \u017ee si s velkou dod\u00e1vkou netrouf\u00e1te jezdit po k\u0159ivolak\u00fdch uli\u010dk\u00e1ch na\u0161\u00ed mati\u010dky Prahy, zap\u016fj\u010d\u00edme v\u00e1m dod\u00e1vku i s panem \u0159idi\u010dem. Odpadnou v\u00e1m tak starosti, zda p\u0159evoz va\u0161ich v\u011bc\u00ed zvl\u00e1dnete sami. V\u016fz z na\u0161\u00ed p\u016fj\u010dovny dod\u00e1vek Praha, si m\u016f\u017eete zap\u016fj\u010dit tak\u0159ka na p\u00e1r hodin, ale my se nebr\u00e1n\u00edme ani dlouhodob\u00fdm pron\u00e1jm\u016fm. V\u011b\u0159\u00edme, \u017ee t\u00edm vyt\u00e1hneme trn z paty podnikatel\u016fm, kte\u0159\u00ed pot\u0159ebuj\u00ed p\u0159ev\u00e1\u017eet \u010di rozv\u00e1\u017eet r\u016fzn\u00e9 zbo\u017e\u00ed a z n\u011bjak\u00e9ho d\u016fvodu, nap\u0159\u00edklad z d\u016fvodu poruchy \u010di hav\u00e1rie, jim vypadl jeden z jejich voz\u016f. P\u0159edpokl\u00e1d\u00e1me, \u017ee se na\u0161i z\u00e1kazn\u00edci budou k zap\u016fj\u010den\u00fdm dod\u00e1vk\u00e1m chovat ohledupln\u011b a budou se sna\u017eit dodr\u017eovat dopravn\u00ed p\u0159edpisy. P\u0159esto jsme si v\u011bdomi, \u017ee se m\u016f\u017ee st\u00e1t, \u017ee dojde na voze k n\u011bjak\u00e9 \u0161kod\u011b. Z toho d\u016fvodu jsou na\u0161e dod\u00e1vky poji\u0161t\u011bny. Povinn\u00e9 ru\u010den\u00ed je samoz\u0159ejmost\u00ed. K havarijn\u00edmu poji\u0161t\u011bn\u00ed jsme vozy p\u0159ihl\u00e1sili, d\u00e1 se \u0159\u00edci, dobrovoln\u011b. Ob\u011b tato poji\u0161t\u011bn\u00ed jsou zahrnuta v cen\u011b pron\u00e1jm\u016f, tak\u017ee se z\u00e1kazn\u00edk nemus\u00ed b\u00e1t, co se stane, kdy\u017e se stane \u00fa\u010dastn\u00edkem n\u011bjak\u00e9 nemil\u00e9 situace. Samostatnou kapitolou jsou dod\u00e1vky pro p\u0159epravu osob. Nab\u00edz\u00edme vozy s kapacitou a\u017e 9 osob. Tyto dod\u00e1vky m\u016f\u017eete vyu\u017e\u00edt t\u0159eba p\u0159i organizov\u00e1n\u00ed n\u011bjak\u00e9 v\u011bt\u0161\u00ed oslavy, kdy pomoc\u00ed na\u0161\u00ed dod\u00e1vky p\u0159evezete svatebn\u00ed hosty. Nebo m\u016f\u017eete vz\u00edt na exkurzi hosty sv\u00e9 firmy, a i d\u00edky tomuto kroku jim m\u016f\u017eete na m\u00edst\u011b poskytnout opravdov\u00e9 poho\u0161t\u011bn\u00ed. A samoz\u0159ejm\u011b si dod\u00e1vku m\u016f\u017eete zap\u016fj\u010dit na svou dovolenou. D\u00e1lni\u010dn\u00ed zn\u00e1mky pro \u010cR a SK jsou p\u0159i tom ji\u017e uhrazeny. Na dovolenou se m\u016f\u017eete vydat kamkoliv v Evrop\u011b.                                                                                                                                                                                                                                                                                                                                                                                          4.3\/5 - (9 votes)        "},{"@context":"https:\/\/schema.org\/","@type":"BreadcrumbList","itemListElement":[{"@type":"ListItem","position":1,"name":"Kdy\u017e pot\u0159ebuji n\u011bco p\u0159ev\u00e9zt, p\u016fj\u010d\u00edm si dod\u00e1vku","item":"https:\/\/www.votana.cz\/kdyz-potrebuji-neco-prevezt-pujcim-si-dodavku\/#breadcrumbitem"}]}]