[{"@context":"https:\/\/schema.org\/","@type":"Article","@id":"https:\/\/www.votana.cz\/gerberu-nebo-astru-karafiat-ci-slunecnici\/#Article","mainEntityOfPage":"https:\/\/www.votana.cz\/gerberu-nebo-astru-karafiat-ci-slunecnici\/","headline":"Gerberu nebo astru, karafi\u00e1t, \u010di slune\u010dnici","name":"Gerberu nebo astru, karafi\u00e1t, \u010di slune\u010dnici","description":"V posledn\u00edch deseti letech, po skon\u010den\u00ed ekonomick\u00e9 krize, se doslova rozjel boom vyu\u017e\u00edv\u00e1n\u00ed rozn\u00e1\u0161ky kv\u011btin. N\u011bkdo z v\u00e1s m\u016f\u017ee nam\u00edtat, pro\u010d takov\u00e1 zbyte\u010dnost, ov\u0161em uv\u011bdomte si, \u017ee pokud mysl\u00edme jen na sebe, sv\u00e9 vlastn\u00ed blaho a pot\u011b\u0161en\u00ed, \u017ee tento zp\u016fsob uva\u017eov\u00e1n\u00ed se nakonec obr\u00e1t\u00ed proti n\u00e1m samotn\u00fdm. M\u00edt n\u011bkoho r\u00e1d, dok\u00e1zat jej nezi\u0161tn\u011b a ne\u00fa\u010delov\u011b [&hellip;]","datePublished":"2018-09-12","dateModified":"2023-05-04","author":{"@type":"Person","@id":"https:\/\/www.votana.cz\/author\/#Person","name":"","url":"https:\/\/www.votana.cz\/author\/","identifier":1,"image":{"@type":"ImageObject","@id":"https:\/\/secure.gravatar.com\/avatar\/087c2e57f451bc02fa8017914855d7c40cf6c7d5dc1637b868e007adc26322d1?s=96&d=mm&r=g","url":"https:\/\/secure.gravatar.com\/avatar\/087c2e57f451bc02fa8017914855d7c40cf6c7d5dc1637b868e007adc26322d1?s=96&d=mm&r=g","height":96,"width":96}},"publisher":{"@type":"Organization","name":"votana.cz","logo":{"@type":"ImageObject","@id":"\/logo.png","url":"\/logo.png","width":600,"height":60}},"image":{"@type":"ImageObject","@id":"https:\/\/www.votana.cz\/wp-content\/uploads\/img_a325951_w2654_t1538127002.jpg","url":"https:\/\/www.votana.cz\/wp-content\/uploads\/img_a325951_w2654_t1538127002.jpg","height":0,"width":0},"url":"https:\/\/www.votana.cz\/gerberu-nebo-astru-karafiat-ci-slunecnici\/","wordCount":506,"articleBody":"V posledn\u00edch deseti letech, po skon\u010den\u00ed ekonomick\u00e9 krize, se doslova rozjel boom vyu\u017e\u00edv\u00e1n\u00ed rozn\u00e1\u0161ky kv\u011btin. N\u011bkdo z v\u00e1s m\u016f\u017ee nam\u00edtat, pro\u010d takov\u00e1 zbyte\u010dnost, ov\u0161em uv\u011bdomte si, \u017ee pokud mysl\u00edme jen na sebe, sv\u00e9 vlastn\u00ed blaho a pot\u011b\u0161en\u00ed, \u017ee tento zp\u016fsob uva\u017eov\u00e1n\u00ed se nakonec obr\u00e1t\u00ed proti n\u00e1m samotn\u00fdm. M\u00edt n\u011bkoho r\u00e1d, dok\u00e1zat jej nezi\u0161tn\u011b a ne\u00fa\u010delov\u011b obdarovat, je d\u016fkazem jist\u00e9ho sebev\u011bdom\u00ed. Lid\u00e9, kte\u0159\u00ed sami od sebe n\u011bco daruj\u00ed, jsou obecn\u011b pova\u017eov\u00e1ni za p\u0159ita\u017eliv\u00e9 a \u017e\u00e1douc\u00ed, jsou obdivov\u00e1ni a t\u011b\u0161\u00ed se velk\u00e9 \u00fact\u011b. A darovat n\u011bkomu kv\u011btinu, je tak\u00e9 v\u00fdrazem l\u00e1sky a n\u00e1klonnosti. Mimochodem, kdy jste vy mu\u017ei, naposledy darovali kv\u011btinu n\u011bkomu bl\u00edzk\u00e9mu? Doru\u010denka Rozn\u00e1\u0161ka kv\u011btinov\u00e9 kytice s doru\u010denkou je jeden ze zp\u016fsob\u016f, jak pot\u011b\u0161it \u017eenskou du\u0161i. Anebo vyj\u00e1d\u0159it sv\u016fj obdiv a n\u00e1klonnost, coby zn\u00e1m\u00fd \u010di nezn\u00e1m\u00fd ctitel. P\u0159\u00edpadn\u011b touto formou pod\u011bkovat za cokoliv, a komukoliv . Tento zp\u016fsob p\u0159ed\u00e1n\u00ed kv\u011btin m\u00e1 jist\u00e9 v\u00fdhody i nev\u00fdhody. Daruj\u00edc\u00ed osoba p\u0159edev\u0161\u00edm nezaznamen\u00e1 ten prvn\u00ed okam\u017eik vzru\u0161en\u00ed p\u0159i p\u0159ed\u00e1v\u00e1n\u00ed prezentu. Z\u00e1rove\u0148 v\u0161ak z t\u00e9to situace nebude v rozpac\u00edch, co\u017e v\u011bt\u0161inou zp\u016fsob\u00ed p\u0159im\u011b\u0159enou reakci obdarovan\u00e9ho, a n\u00e1le\u017eitou \u201eodplatu\u201c a pod\u011bkov\u00e1n\u00ed. Doru\u010denky \u010dasto vyu\u017e\u00edvaj\u00ed tak\u00e9 firmy, kter\u00e9 projevuj\u00ed sv\u00e9 \u00fa\u010dastenstv\u00ed v r\u00e1mci n\u011bjak\u00e9 v\u00fdznamn\u00e9 akce, nebo jako zp\u016fsob up\u0159\u00edmn\u00e9 soustrasti nad \u00famrt\u00edm bl\u00edzk\u00e9 osoby. Doba doru\u010den\u00ed Je to jedna z nejrychlej\u0161\u00edch expresn\u00edch slu\u017eeb doru\u010dov\u00e1n\u00ed. Od objedn\u00e1vky, resp. uhrazen\u00ed \u010d\u00e1stky za slu\u017ebu se rychlost doru\u010dov\u00e1n\u00ed rozli\u0161uje od vzd\u00e1lenosti. V r\u00e1mci objedn\u00e1vky v doty\u010dn\u00e9m m\u011bst\u011b se kv\u011btiny doru\u010d\u00ed do dvou hodin, po \u010cesk\u00e9 republice trv\u00e1 rozvoz p\u0159ibli\u017en\u011b do 6 hodin a po cel\u00e9m sv\u011bt\u011b je tato lh\u016fta zpravidla jednodenn\u00ed, tedy 24 hodin od objedn\u00e1vky. Nav\u00edc kv\u011btiny putuj\u00ed ve speci\u00e1ln\u00edm p\u0159epravn\u00edm boxu, m\u00e1te tedy z\u00e1ruku, \u017ee nebudou poma\u010dkan\u00e9, potrhan\u00e9, ani zvadl\u00e9. Doporu\u010duje se v\u0161ak objedn\u00e1vku prov\u00e1d\u011bt s p\u0159edstihem, alespo\u0148 dvou a\u017e t\u0159\u00eddenn\u00edm, aby byl dostatek \u010dasu kytici p\u0159ipravit. Jak je to s \u010derstvost\u00ed Pokud nejde o amat\u00e9ry a obr\u00e1t\u00edte se na profesion\u00e1ln\u00ed firmu, ta v\u00e1m kvalitu kv\u011btin garantuje. \u0158ezan\u00e9 kv\u011btiny mus\u00ed b\u00fdt v\u017edy \u010derstv\u00e9, jsou p\u0159epravov\u00e1ny v chladic\u00edch boxech, v letn\u00edm obdob\u00ed se p\u0159ev\u00e1\u017e\u00ed zaji\u0161t\u011bn\u00e9 v tzv. florexu, co\u017e je m\u011bkk\u00e1 hmota napu\u0161t\u011bn\u00e1 vodou. V zim\u011b se kv\u011btiny bal\u00ed do pap\u00edrov\u00fdch rol\u00ed, aby nezmrzly.                                                                                                                                                                                                                                                                                                                                                                                        3.3\/5 - (6 votes)        "},{"@context":"https:\/\/schema.org\/","@type":"BreadcrumbList","itemListElement":[{"@type":"ListItem","position":1,"name":"Gerberu nebo astru, karafi\u00e1t, \u010di slune\u010dnici","item":"https:\/\/www.votana.cz\/gerberu-nebo-astru-karafiat-ci-slunecnici\/#breadcrumbitem"}]}]