[{"@context":"https:\/\/schema.org\/","@type":"Article","@id":"https:\/\/www.votana.cz\/bylinne-masti-maji-originalni-prirodni-slozeni\/#Article","mainEntityOfPage":"https:\/\/www.votana.cz\/bylinne-masti-maji-originalni-prirodni-slozeni\/","headline":"Bylinn\u00e9 masti maj\u00ed origin\u00e1ln\u00ed p\u0159\u00edrodn\u00ed slo\u017een\u00ed","name":"Bylinn\u00e9 masti maj\u00ed origin\u00e1ln\u00ed p\u0159\u00edrodn\u00ed slo\u017een\u00ed","description":"Sv\u011bt je pln\u00fd chemie, a tak nen\u00ed divu, \u017ee se v\u00edc a v\u00edc lid\u00ed zaj\u00edm\u00e1 o zdrav\u00fd \u017eivotn\u00ed styl a p\u0159\u00edrodu. A\u0165 u\u017e se jedn\u00e1 o sledov\u00e1n\u00ed pestrosti stravy a jej\u00edho slo\u017een\u00ed nebo p\u016fvodu, na \u0159adu se dostalo i t\u011blo jako takov\u00e9. Kosmetick\u00fd pr\u016fmysl se sna\u017e\u00ed o p\u0159\u00edpravky bez konzerva\u010dn\u00edch l\u00e1tek a chemie. Ale i [&hellip;]","datePublished":"2019-06-05","dateModified":"2023-05-04","author":{"@type":"Person","@id":"https:\/\/www.votana.cz\/author\/#Person","name":"","url":"https:\/\/www.votana.cz\/author\/","identifier":1,"image":{"@type":"ImageObject","@id":"https:\/\/secure.gravatar.com\/avatar\/087c2e57f451bc02fa8017914855d7c40cf6c7d5dc1637b868e007adc26322d1?s=96&d=mm&r=g","url":"https:\/\/secure.gravatar.com\/avatar\/087c2e57f451bc02fa8017914855d7c40cf6c7d5dc1637b868e007adc26322d1?s=96&d=mm&r=g","height":96,"width":96}},"publisher":{"@type":"Organization","name":"votana.cz","logo":{"@type":"ImageObject","@id":"\/logo.png","url":"\/logo.png","width":600,"height":60}},"image":{"@type":"ImageObject","@id":"https:\/\/www.votana.cz\/wp-content\/uploads\/img_a346838_w2669_t1561146213.jpg","url":"https:\/\/www.votana.cz\/wp-content\/uploads\/img_a346838_w2669_t1561146213.jpg","height":0,"width":0},"url":"https:\/\/www.votana.cz\/bylinne-masti-maji-originalni-prirodni-slozeni\/","wordCount":459,"articleBody":"Sv\u011bt je pln\u00fd chemie, a tak nen\u00ed divu, \u017ee se v\u00edc a v\u00edc lid\u00ed zaj\u00edm\u00e1 o zdrav\u00fd \u017eivotn\u00ed styl a p\u0159\u00edrodu. A\u0165 u\u017e se jedn\u00e1 o sledov\u00e1n\u00ed pestrosti stravy a jej\u00edho slo\u017een\u00ed nebo p\u016fvodu, na \u0159adu se dostalo i t\u011blo jako takov\u00e9. Kosmetick\u00fd pr\u016fmysl se sna\u017e\u00ed o p\u0159\u00edpravky bez konzerva\u010dn\u00edch l\u00e1tek a chemie. Ale i proto, \u017ee chceme b\u00fdt v\u00edce \u201ep\u0159\u00edrodn\u00ed\u201c, vrac\u00edme se \u010dast\u011bji k\u00a0rad\u00e1m a recept\u016fm na\u0161ich babi\u010dek, proto\u017ee ty v\u011bd\u011bly, jak vyu\u017e\u00edt dary z\u00a0p\u0159\u00edrody.Sv\u00e9 zdrav\u00ed na\u0161e babi\u010dky sv\u011b\u0159ovaly nej\u010dast\u011bji s\u00e1dlu. \u0160lo tehdy o nejroz\u0161\u00ed\u0159en\u011bj\u0161\u00ed a nejdostupn\u011bj\u0161\u00ed z\u00e1klad do dom\u00e1c\u00edch mast\u00ed. Snadno se toti\u017e vst\u0159eb\u00e1v\u00e1 a najde se jen m\u00e1lo lid\u00ed, kte\u0159\u00ed na n\u011bj trp\u00ed alergi\u00ed. P\u0159id\u00e1n\u00edm bylin, kter\u00e9 se d\u00edky n\u011bmu \u010dasem skv\u011ble rozvinuly, vznikaly masti t\u00e9m\u011b\u0159 na v\u0161echny neduhy.I p\u0159es nejr\u016fzn\u011bj\u0161\u00ed dne\u0161n\u00ed trendy modern\u00ed doby z\u016fstaly osv\u011bd\u010den\u00e9 bylinky st\u00e1le obl\u00edben\u00e9. Asi tou nejzn\u00e1m\u011bj\u0161\u00ed je m\u011bs\u00ed\u010dkov\u00e1 mast, proto\u017ee d\u00edky m\u011bs\u00ed\u010dku l\u00e9ka\u0159sk\u00e9mu m\u00e1 tento mal\u00fd z\u00e1zrak regenera\u010dn\u00ed, zklid\u0148uj\u00edc\u00ed a ochrann\u00e9 \u00fa\u010dinky na poko\u017eku. Dob\u0159e j\u00ed sn\u00e1\u0161\u00ed jak\u00fdkoliv typ pleti, od citliv\u00e9 po suchou i mastnou, tak\u00e9 je vhodn\u00e1 pro d\u011bti i p\u0159i pop\u00e1lenin\u00e1ch a ekz\u00e9mech. Kostivalov\u00e1 mast se osv\u011bd\u010dila hlavn\u011b p\u0159i mas\u00e1\u017e\u00edch unaven\u00fdch sval\u016f a kloub\u016f, celkov\u011b p\u0159i obt\u00ed\u017e\u00edch s\u00a0pohybov\u00fdm apar\u00e1tem. V\u016fbec nejroz\u0161\u00ed\u0159en\u011bj\u0161\u00ed je mast z\u00a0jitrocele, proto\u017ee ka\u017edodenn\u00ed p\u00e9\u010de pro poko\u017eku je velmi d\u016fle\u017eit\u00e1 a jitrocel m\u00e1 vlastnost pom\u00e1hat p\u0159i vyr\u00e1\u017ek\u00e1ch, \u0161patn\u011b se hoj\u00edc\u00edch ran\u00e1ch nebo dokonce na b\u00e9rcov\u00e9 v\u0159edy.V\u0161echny generace si snad zamilovaly mast konopnou, a to pro jej\u00ed zvl\u00e1\u010d\u0148uj\u00edc\u00ed a proma\u0161\u0165uj\u00edc\u00ed schopnosti. Zak\u00e1zan\u00e9 ovoce p\u0159eci nejl\u00e9pe chutn\u00e1. Blahod\u00e1rn\u00e9 \u00fa\u010dinky m\u00e1 i propolisov\u00e1 mast, proto\u017ee d\u00edky n\u00ed bude boj s ko\u017en\u00edmi probl\u00e9my a zahlazov\u00e1n\u00ed jizev jednodu\u0161\u0161\u00ed. Pom\u00e1h\u00e1 i p\u0159i podr\u00e1\u017ed\u011bn\u00ed sluncem, zklidn\u00ed a jemn\u011b o\u0161et\u0159\u00ed. M\u00e9n\u011b zn\u00e1m\u00e1 sv\u00edzelov\u00e1 mast m\u00e1 za \u00fakol poko\u017eku zvl\u00e1\u010dnit a udr\u017eet ji pru\u017enou. Samoz\u0159ejm\u011b bylinn\u00fdch mast\u00ed je nep\u0159ebern\u00e9 mno\u017estv\u00ed, ka\u017ed\u00e1 bylinka je vhodn\u00e1 na jin\u00fd probl\u00e9m. Sv\u011b\u0159it poko\u017eku m\u016f\u017eeme masti arnikov\u00e9, lnicov\u00e9 nebo zlatob\u00fdlov\u00e9.                                                                                                                                                                                                                                                                                                                                                                                        4.5\/5 - (6 votes)        "},{"@context":"https:\/\/schema.org\/","@type":"BreadcrumbList","itemListElement":[{"@type":"ListItem","position":1,"name":"Bylinn\u00e9 masti maj\u00ed origin\u00e1ln\u00ed p\u0159\u00edrodn\u00ed slo\u017een\u00ed","item":"https:\/\/www.votana.cz\/bylinne-masti-maji-originalni-prirodni-slozeni\/#breadcrumbitem"}]}]