[{"@context":"https:\/\/schema.org\/","@type":"Article","@id":"https:\/\/www.votana.cz\/bublinkova-folie-nejen-pro-baleni-veci\/#Article","mainEntityOfPage":"https:\/\/www.votana.cz\/bublinkova-folie-nejen-pro-baleni-veci\/","headline":"Bublinkov\u00e1 f\u00f3lie nejen pro balen\u00ed v\u011bc\u00ed","name":"Bublinkov\u00e1 f\u00f3lie nejen pro balen\u00ed v\u011bc\u00ed","description":"Bublinkovou f\u00f3lii nej\u010dast\u011bji vyu\u017e\u00edv\u00e1me pro logistick\u00e9 \u00fa\u010dely, nap\u0159\u00edklad pro balen\u00ed v\u011bc\u00ed p\u0159ed st\u011bhov\u00e1n\u00edm, anebo pro zabalen\u00ed zbo\u017e\u00ed, odes\u00edlan\u00e9ho z\u00e1kazn\u00edk\u016fm. S f\u00f3li\u00ed lze ale tak\u00e9 kouzlit \u00fapln\u011b jinak, a mo\u017en\u00e1, \u017ee v\u00e1s nikdy nenapadlo, \u017ee byste f\u00f3lii mohli pou\u017e\u00edt i p\u0159i malov\u00e1n\u00ed bytu. Zakr\u00fdv\u00e1n\u00ed oken \u2013 zakr\u00fdt okna mal\u00ed\u0159skou tenkou f\u00f3li\u00ed je sice mo\u017en\u00e9, ale f\u00f3lie [&hellip;]","datePublished":"2024-05-05","dateModified":"2024-05-05","author":{"@type":"Person","@id":"https:\/\/www.votana.cz\/author\/#Person","name":"","url":"https:\/\/www.votana.cz\/author\/","identifier":1,"image":{"@type":"ImageObject","@id":"https:\/\/secure.gravatar.com\/avatar\/087c2e57f451bc02fa8017914855d7c40cf6c7d5dc1637b868e007adc26322d1?s=96&d=mm&r=g","url":"https:\/\/secure.gravatar.com\/avatar\/087c2e57f451bc02fa8017914855d7c40cf6c7d5dc1637b868e007adc26322d1?s=96&d=mm&r=g","height":96,"width":96}},"publisher":{"@type":"Organization","name":"votana.cz","logo":{"@type":"ImageObject","@id":"\/logo.png","url":"\/logo.png","width":600,"height":60}},"image":{"@type":"ImageObject","@id":"https:\/\/www.votana.cz\/wp-content\/uploads\/bubble-wrap-1183728_640_3.jpg","url":"https:\/\/www.votana.cz\/wp-content\/uploads\/bubble-wrap-1183728_640_3.jpg","height":0,"width":0},"url":"https:\/\/www.votana.cz\/bublinkova-folie-nejen-pro-baleni-veci\/","about":["Slu\u017eby"],"wordCount":409,"articleBody":"   Bublinkovou f\u00f3lii nej\u010dast\u011bji vyu\u017e\u00edv\u00e1me pro logistick\u00e9 \u00fa\u010dely, nap\u0159\u00edklad pro balen\u00ed v\u011bc\u00ed p\u0159ed st\u011bhov\u00e1n\u00edm, anebo pro zabalen\u00ed zbo\u017e\u00ed, odes\u00edlan\u00e9ho z\u00e1kazn\u00edk\u016fm. S f\u00f3li\u00ed lze ale tak\u00e9 kouzlit \u00fapln\u011b jinak, a mo\u017en\u00e1, \u017ee v\u00e1s nikdy nenapadlo, \u017ee byste f\u00f3lii mohli pou\u017e\u00edt i p\u0159i malov\u00e1n\u00ed bytu.Zakr\u00fdv\u00e1n\u00ed oken \u2013 zakr\u00fdt okna mal\u00ed\u0159skou tenkou f\u00f3li\u00ed je sice mo\u017en\u00e9, ale f\u00f3lie je tak tenk\u00e1, \u017ee ji snadno protrhnete. Sta\u010d\u00ed o ni zavadit nohou a p\u0159estane plnit sv\u016fj \u00fa\u010del. Bude v\u00e1m zkr\u00e1tka jen pro zlost. Nam\u00edsto tenou\u010dk\u00e9 mal\u00ed\u0159sk\u00e9 zakr\u00fdvac\u00ed f\u00f3lie vyu\u017eijte docela oby\u010dejnou f\u00f3lii bublinkovou. Tlou\u0161\u0165ka bublinkov\u00e9 f\u00f3lie je v\u011bt\u0161\u00ed a jen tak ji neprotrhnete. Pro zakr\u00fdv\u00e1n\u00ed oken je ide\u00e1ln\u00ed, proto\u017ee p\u0159es n\u00ed dob\u0159e vid\u00edte a neub\u00edr\u00e1 v\u00e1m sv\u011btlo a z\u00e1rove\u0148 na v\u00e1s nikdo nevid\u00ed zven\u010d\u00ed, nerozpozn\u00e1 uvnit\u0159 m\u00edstnosti prakticky nic. Sv\u00fdm zp\u016fsobem je to n\u011bco jako z\u00e1clona, kter\u00e1 zaclon\u00ed nejen v\u00e1s, ale i okenn\u00ed r\u00e1my a parapety p\u0159ed pot\u0159\u00edsn\u011bn\u00edm barvou. Zakryt\u00ed podlahy \u2013 se\u0161krabov\u00e1n\u00ed star\u00e9 malby je nejhor\u0161\u00ed prac\u00ed p\u0159i malov\u00e1n\u00ed bytu. Star\u00e1 malba je mazlav\u00e1 a lep\u00ed se v\u0161ude a na v\u0161echno, a kdy\u017e na podlahu rozlo\u017e\u00edte noviny, rozm\u00e1\u010d\u00ed se na ka\u0161i a vy se budete pohybovat v t\u00e9 mazlav\u00e9 b\u0159e\u010dce. Bublinkov\u00e1 f\u00f3lie na podlaze je nejlep\u0161\u00ed zp\u016fsob, jak zakr\u00fdt podlahovou krytinu a z\u00e1rove\u0148 se bezpe\u010dn\u011b pohybovat v prostoru s mal\u00ed\u0159sk\u00fdmi \u0161taflemi. A pokud m\u00e1te mo\u017enost f\u00f3lii rozprost\u0159\u00edt n\u011bkde ve sklep\u011b nebo na zahrad\u011b, nech\u00e1te starou barvu vyschnout, z f\u00f3lie ji pak lehce se\u0161kr\u00e1bnete, vyhod\u00edte a f\u00f3lii m\u016f\u017eete pro podobn\u00e9 \u00fa\u010dely vyu\u017e\u00edt opakovan\u011b. Zakryt\u00ed sv\u00edtidel \u2013 nechce se v\u00e1m \u010distit od mal\u00ed\u0159sk\u00e9 barvy sv\u00edtidla? Nen\u00ed t\u0159eba, sta\u010d\u00ed f\u00f3li\u00ed zakr\u00fdt lustry nebo z\u00e1v\u011bsn\u00e9 lampi\u010dky a m\u00e1te po starostech. Stejn\u011b tak ji m\u016f\u017eete vyu\u017e\u00edt na cokoli jin\u00e9ho, na zakr\u00fdv\u00e1n\u00ed n\u00e1bytku, kter\u00fd v m\u00edstnosti z\u016fstal nebo \u010d\u00e1st\u00ed om\u00edtky, kter\u00e1 se malovat nebude nebo ji budete malovat pozd\u011bji jinou barvou.                                                                                                                                                                                                                                                                                                                                                                                          4.1\/5 - (9 votes)        "},{"@context":"https:\/\/schema.org\/","@type":"BreadcrumbList","itemListElement":[{"@type":"ListItem","position":1,"name":"Bublinkov\u00e1 f\u00f3lie nejen pro balen\u00ed v\u011bc\u00ed","item":"https:\/\/www.votana.cz\/bublinkova-folie-nejen-pro-baleni-veci\/#breadcrumbitem"}]}]